{"id":2067,"date":"2020-12-31T08:00:00","date_gmt":"2020-12-31T07:00:00","guid":{"rendered":"http:\/\/zeglarzezpabianic.pl\/?p=2067"},"modified":"2021-02-21T21:05:54","modified_gmt":"2021-02-21T20:05:54","slug":"podsumowanie-startow-w-regatach-sezon-2020","status":"publish","type":"post","link":"http:\/\/zeglarzezpabianic.pl\/index.php\/2020\/12\/31\/podsumowanie-startow-w-regatach-sezon-2020\/","title":{"rendered":"Podsumowanie start\u00f3w w regatach &#8211; sezon 2020"},"content":{"rendered":"\n<div class=\"wp-block-group\"><div class=\"wp-block-group__inner-container is-layout-flow wp-block-group-is-layout-flow\">\n<figure class=\"wp-block-table is-style-regular\"><table><tbody><tr><td>Data<\/td><td>Miejsce<\/td><td>Nazwa<\/td><td class=\"has-text-align-center\" data-align=\"center\">Zaj\u0119te miejsce<\/td><td class=\"has-text-align-center\" data-align=\"center\">Sklasyfi-kowanych za\u0142\u00f3g<\/td><td>Sternik<\/td><td class=\"has-text-align-left\" data-align=\"left\">Za\u0142oga<\/td><td class=\"has-text-align-left\" data-align=\"left\">Klasa jachtu<\/td><\/tr><tr><td>27-28.06<br>.2020<\/td><td>Jezioro Nyskie<\/td><td>Puchar Nysy, Puchar Burmistrza Nysy, Puchar Makroregionu Nysa<\/td><td class=\"has-text-align-center\" data-align=\"center\">3<\/td><td class=\"has-text-align-center\" data-align=\"center\">8<\/td><td>Seweryn Morawiec<\/td><td class=\"has-text-align-left\" data-align=\"left\">Beata Studzi\u0144ska<\/td><td class=\"has-text-align-left\" data-align=\"left\">470<\/td><\/tr><tr><td>25-26.07<br>.2020<\/td><td>Jezioro Turawskie<\/td><td>Regaty o Puchar W\u00f3jta Gminy Turawa<\/td><td class=\"has-text-align-center\" data-align=\"center\">2<\/td><td class=\"has-text-align-center\" data-align=\"center\">13<\/td><td>Seweryn Morawiec<\/td><td class=\"has-text-align-left\" data-align=\"left\">Beata Studzi\u0144ska<\/td><td class=\"has-text-align-left\" data-align=\"left\">470<\/td><\/tr><tr><td>08-09.08<br>.2020<\/td><td>Jezioro Otmuchowskie<\/td><td>Puchar Starosty Nyskiego<\/td><td class=\"has-text-align-center\" data-align=\"center\">10<\/td><td class=\"has-text-align-center\" data-align=\"center\">11<\/td><td>Piotr Liczbi\u0144ski<\/td><td class=\"has-text-align-left\" data-align=\"left\">Joanna Pryk<\/td><td class=\"has-text-align-left\" data-align=\"left\">470<\/td><\/tr><tr><td>08-09.08<br>.2020<\/td><td>Jezioro Otmuchowskie<\/td><td>Puchar Starosty Nyskiego<\/td><td class=\"has-text-align-center\" data-align=\"center\">5<\/td><td class=\"has-text-align-center\" data-align=\"center\">11<\/td><td>Seweryn Morawiec<\/td><td class=\"has-text-align-left\" data-align=\"left\">Beata Studzi\u0144ska<\/td><td class=\"has-text-align-left\" data-align=\"left\">470<\/td><\/tr><tr><td>29.08<br>.2020<\/td><td>Zalew W\u0142oc\u0142awski<\/td><td>D\u0142ugodystansowe regaty o Puchar Lata 2020<\/td><td class=\"has-text-align-center\" data-align=\"center\">2<\/td><td class=\"has-text-align-center\" data-align=\"center\">3<\/td><td>Tomasz Grzegorek<\/td><td class=\"has-text-align-left\" data-align=\"left\">Aleksandra Ruta, Ma\u0142gorzata Bratek, Damian Kowalczyk<\/td><td class=\"has-text-align-left\" data-align=\"left\">T<\/td><\/tr><tr><td>29.08<br>.2020<\/td><td>Zalew W\u0142oc\u0142awski<\/td><td>D\u0142ugodystansowe regaty o Puchar Lata 2020<\/td><td class=\"has-text-align-center\" data-align=\"center\">3<\/td><td class=\"has-text-align-center\" data-align=\"center\">3<\/td><td>Piotr Sw\u0119drak<\/td><td class=\"has-text-align-left\" data-align=\"left\">Sylwia Kazimierczak, Andrzej Oborski<\/td><td class=\"has-text-align-left\" data-align=\"left\">T<\/td><\/tr><tr><td>29.08<br>.2020<\/td><td>Zalew W\u0142oc\u0142awski<\/td><td>D\u0142ugodystansowe regaty o Puchar Lata 2020<\/td><td class=\"has-text-align-center\" data-align=\"center\">2<\/td><td class=\"has-text-align-center\" data-align=\"center\">5<\/td><td>Piotr Liczbi\u0144ski<\/td><td class=\"has-text-align-left\" data-align=\"left\">Mateusz Moskwin, Bartosz Gniewisz<\/td><td class=\"has-text-align-left\" data-align=\"left\">Omega<\/td><\/tr><tr><td>30.08<br>.2020<\/td><td>Zalew W\u0142oc\u0142awski<\/td><td>Puchar Burmistrza Miasta Gostynina<\/td><td class=\"has-text-align-center\" data-align=\"center\">1<\/td><td class=\"has-text-align-center\" data-align=\"center\">6<\/td><td>Piotr Liczbi\u0144ski<\/td><td class=\"has-text-align-left\" data-align=\"left\">Bartosz Gniewisz, Damian Kowalczyk<\/td><td class=\"has-text-align-left\" data-align=\"left\">Omega<\/td><\/tr><tr><td>05.09<br>.2020<\/td><td>Zalew W\u0142oc\u0142awski<\/td><td>50 Regaty o Puchar Wrzosu i Prezydenta Miasta P\u0142ocka<\/td><td class=\"has-text-align-center\" data-align=\"center\">10<\/td><td class=\"has-text-align-center\" data-align=\"center\">13<\/td><td>Adam \u015anie\u017cewski<\/td><td class=\"has-text-align-left\" data-align=\"left\">Sylwia Kazimierczak, Mateusz Moskwin, Zuzanna Dzierbicka<\/td><td class=\"has-text-align-left\" data-align=\"left\">T<\/td><\/tr><tr><td>12.09<br>.2020<\/td><td>Zalew W\u0142oc\u0142awski<\/td><td>XXX Jubileuszowe Regaty \u017beglarskie o Puchar PKN ORLEN<\/td><td class=\"has-text-align-center\" data-align=\"center\">6<\/td><td class=\"has-text-align-center\" data-align=\"center\">6<\/td><td>Seweryn Morawiec<\/td><td class=\"has-text-align-left\" data-align=\"left\">Piotr Liczbi\u0144ski, Angelika Becht<\/td><td class=\"has-text-align-left\" data-align=\"left\">Omega<\/td><\/tr><tr><td>12.09<br>.2020<\/td><td>Zalew W\u0142oc\u0142awski<\/td><td>XXX Jubileuszowe Regaty \u017beglarskie o Puchar PKN ORLEN<\/td><td class=\"has-text-align-center\" data-align=\"center\">2<\/td><td class=\"has-text-align-center\" data-align=\"center\">2<\/td><td>Mateusz Moskwin<\/td><td class=\"has-text-align-left\" data-align=\"left\">Pawe\u0142 Cicho\u015b, Damian Zdzieb\u0142owski<\/td><td class=\"has-text-align-left\" data-align=\"left\">T<\/td><\/tr><tr><td><\/td><td><\/td><td>Puchar Polski Po\u0142udniowej MASTERS klasy 470 &#8211; klasyfikacja generalna<\/td><td class=\"has-text-align-center\" data-align=\"center\">3<\/td><td class=\"has-text-align-center\" data-align=\"center\">9<\/td><td>Seweryn Morawiec<\/td><td class=\"has-text-align-left\" data-align=\"left\">Beata Studzi\u0144ska<\/td><td class=\"has-text-align-left\" data-align=\"left\">470<\/td><\/tr><\/tbody><\/table><\/figure>\n<\/div><\/div>\n\n\n\n<p><\/p>\n","protected":false},"excerpt":{"rendered":"<p>Data Miejsce Nazwa Zaj\u0119te miejsce Sklasyfi-kowanych za\u0142\u00f3g Sternik Za\u0142oga Klasa jachtu 27-28.06.2020 Jezioro Nyskie Puchar Nysy, Puchar Burmistrza Nysy, Puchar Makroregionu Nysa 3 8 Seweryn Morawiec Beata Studzi\u0144ska 470 25-26.07.2020 &hellip; <\/p>\n<p class=\"link-more\"><a href=\"http:\/\/zeglarzezpabianic.pl\/index.php\/2020\/12\/31\/podsumowanie-startow-w-regatach-sezon-2020\/\" class=\"more-link\">Czytaj dalej<span class=\"screen-reader-text\"> \u201ePodsumowanie start\u00f3w w regatach &#8211; sezon 2020\u201d<\/span><\/a><\/p>\n","protected":false},"author":2,"featured_media":0,"comment_status":"closed","ping_status":"","sticky":false,"template":"","format":"standard","meta":{"footnotes":""},"categories":[35,6],"tags":[],"class_list":["post-2067","post","type-post","status-publish","format-standard","hentry","category-regaty","category-z-zycia-klubu"],"_links":{"self":[{"href":"http:\/\/zeglarzezpabianic.pl\/index.php\/wp-json\/wp\/v2\/posts\/2067","targetHints":{"allow":["GET"]}}],"collection":[{"href":"http:\/\/zeglarzezpabianic.pl\/index.php\/wp-json\/wp\/v2\/posts"}],"about":[{"href":"http:\/\/zeglarzezpabianic.pl\/index.php\/wp-json\/wp\/v2\/types\/post"}],"author":[{"embeddable":true,"href":"http:\/\/zeglarzezpabianic.pl\/index.php\/wp-json\/wp\/v2\/users\/2"}],"replies":[{"embeddable":true,"href":"http:\/\/zeglarzezpabianic.pl\/index.php\/wp-json\/wp\/v2\/comments?post=2067"}],"version-history":[{"count":5,"href":"http:\/\/zeglarzezpabianic.pl\/index.php\/wp-json\/wp\/v2\/posts\/2067\/revisions"}],"predecessor-version":[{"id":2072,"href":"http:\/\/zeglarzezpabianic.pl\/index.php\/wp-json\/wp\/v2\/posts\/2067\/revisions\/2072"}],"wp:attachment":[{"href":"http:\/\/zeglarzezpabianic.pl\/index.php\/wp-json\/wp\/v2\/media?parent=2067"}],"wp:term":[{"taxonomy":"category","embeddable":true,"href":"http:\/\/zeglarzezpabianic.pl\/index.php\/wp-json\/wp\/v2\/categories?post=2067"},{"taxonomy":"post_tag","embeddable":true,"href":"http:\/\/zeglarzezpabianic.pl\/index.php\/wp-json\/wp\/v2\/tags?post=2067"}],"curies":[{"name":"wp","href":"https:\/\/api.w.org\/{rel}","templated":true}]}}