{"id":3164,"date":"2025-05-12T16:25:06","date_gmt":"2025-05-12T14:25:06","guid":{"rendered":"http:\/\/zeglarzezpabianic.pl\/?p=3164"},"modified":"2025-05-12T16:53:20","modified_gmt":"2025-05-12T14:53:20","slug":"rozpoczecie-sezonu-zeglarskiego-2025-w-nowym-duninowie","status":"publish","type":"post","link":"http:\/\/zeglarzezpabianic.pl\/index.php\/2025\/05\/12\/rozpoczecie-sezonu-zeglarskiego-2025-w-nowym-duninowie\/","title":{"rendered":"Rozpocz\u0119cie sezonu \u017ceglarskiego 2025 w Nowym Duninowie"},"content":{"rendered":"\n<figure class=\"wp-block-image size-large\"><img loading=\"lazy\" decoding=\"async\" width=\"724\" height=\"1024\" src=\"http:\/\/zeglarzezpabianic.pl\/wp-content\/uploads\/2025\/05\/Niebieski-Powazny-Dzien-Flagi-Plakat2-724x1024.png\" alt=\"\" class=\"wp-image-3169\" srcset=\"http:\/\/zeglarzezpabianic.pl\/wp-content\/uploads\/2025\/05\/Niebieski-Powazny-Dzien-Flagi-Plakat2-724x1024.png 724w, http:\/\/zeglarzezpabianic.pl\/wp-content\/uploads\/2025\/05\/Niebieski-Powazny-Dzien-Flagi-Plakat2-212x300.png 212w, http:\/\/zeglarzezpabianic.pl\/wp-content\/uploads\/2025\/05\/Niebieski-Powazny-Dzien-Flagi-Plakat2-768x1086.png 768w, http:\/\/zeglarzezpabianic.pl\/wp-content\/uploads\/2025\/05\/Niebieski-Powazny-Dzien-Flagi-Plakat2-1086x1536.png 1086w, http:\/\/zeglarzezpabianic.pl\/wp-content\/uploads\/2025\/05\/Niebieski-Powazny-Dzien-Flagi-Plakat2.png 1414w\" sizes=\"auto, (max-width: 724px) 100vw, 724px\" \/><\/figure>\n\n\n\n<p>Czujemy si\u0119 zaszczyceni, \u017ce w tym roku to w\u0142a\u015bnie w naszym o\u015brodku odb\u0119dzie si\u0119 ROZPOCZ\u0118CIE SEZONU \u017bEGLARSKIEGO 2025 dla \u017ceglarzy oraz klub\u00f3w sportowych zrzeszonych w <a href=\"https:\/\/www.facebook.com\/PlockiOZZ?__cft__[0]=AZWglZ1lPo_K3ao97ng3-AGw_DkrjmLqxLOHnwJEwl6SdLlO0tAUe4Xlk2vU7m0IjuGLE4811uxUtyiaH5a_v5XDvhg_naNIh8vc6s2yYxqmUCllGR8wV5run1FN2SQeAPV1vCvPSUVaTTgyaira9iry&amp;__tn__=-]K-R\">POZ\u017b P\u0142ocki Okr\u0119gowy Zwi\u0105zek \u017beglarski<\/a>.<\/p>\n\n\n\n<p class=\"has-large-font-size\">\ud835\udce9\ud835\udcea\ud835\udcf9\ud835\udcfb\ud835\udcea\ud835\udcfc\ud835\udd03\ud835\udcea\ud835\udcf6\ud835\udd02<\/p>\n\n\n\n<p>w imieniu Prezesa P\u0142ockiego Okr\u0119gowego Zwi\u0105zku \u017beglarskiego &#8211; \ud835\uddf8\ud835\uddfd\ud835\ude01. \ud835\udde3\ud835\uddee\ud835\ude01\ud835\uddff\ud835\ude06\ud835\uddf8\ud835\uddee \ud835\udde5\ud835\uddfc\ud835\uddfa\ud835\uddee\ud835\uddfb\ud835\uddfc\ud835\ude04\ud835\ude00\ud835\uddf8\ud835\uddf6\ud835\uddf2\ud835\uddf4\ud835\uddfc oraz Prezesa Pabianickiego Klubu Sport\u00f3w Wodnych &#8211; \ud835\uddf8\ud835\uddfd\ud835\ude01. \ud835\uddde\ud835\uddff\ud835\ude07\ud835\ude06\ud835\ude00\ud835\ude07\ud835\ude01\ud835\uddfc\ud835\uddf3\ud835\uddee \ud835\uddda\ud835\uddff\ud835\ude07\ud835\uddf2\ud835\uddf4\ud835\uddfc\ud835\uddff\ud835\uddf8\ud835\uddee wszystkich ch\u0119tnych \u017ceglarzy do udzia\u0142u w wydarzeniu.<\/p>\n\n\n\n<p>O godzinie 18:00 nast\u0105pi oficjalne podniesienie bandery, nast\u0119pnie powitanie wszystkich uczestnik\u00f3w oraz przekazanie plan\u00f3w na sezon \u017ceglarski 2025. Planowane jest tak\u017ce wsp\u00f3lne ognisko lub grill (w zale\u017cno\u015bci od warunk\u00f3w pogodowych).<\/p>\n\n\n\n<p>Dla wszystkich \u017ceglarzy w tym dniu <a><\/a>miejsca przy kei b\u0119d\u0105 dost\u0119pne bezp\u0142atnie.<\/p>\n\n\n\n<p>Istnieje mo\u017cliwo\u015b\u0107 noclegu. Wi\u0119cej informacji na stronie: <a href=\"http:\/\/zeglarzezpabianic.pl\/index.php\/osrodek-zeglarski\/?fbclid=IwZXh0bgNhZW0CMTAAYnJpZBEwb3h5MlhjVnBIemtKMWdqSgEeGHJAOcy4bVApHtvhpR4HjWfp4Xud-Ctnr0FrIwPh3oDacLB3nQaXTvMnD6c_aem_foG2WxIuauPxrHulzo1v6w\" rel=\"noreferrer noopener\" target=\"_blank\">http:\/\/zeglarzezpabianic.pl\/index.php\/osrodek-zeglarski\/<\/a><\/p>\n\n\n\n<p>Prosimy o wcze\u015bniejsze deklaracje przybycia.<\/p>\n\n\n\n<p><\/p>\n","protected":false},"excerpt":{"rendered":"<p>Czujemy si\u0119 zaszczyceni, \u017ce w tym roku to w\u0142a\u015bnie w naszym o\u015brodku odb\u0119dzie si\u0119 ROZPOCZ\u0118CIE SEZONU \u017bEGLARSKIEGO 2025 dla \u017ceglarzy oraz klub\u00f3w sportowych zrzeszonych w POZ\u017b P\u0142ocki Okr\u0119gowy Zwi\u0105zek \u017beglarski. &hellip; <\/p>\n<p class=\"link-more\"><a href=\"http:\/\/zeglarzezpabianic.pl\/index.php\/2025\/05\/12\/rozpoczecie-sezonu-zeglarskiego-2025-w-nowym-duninowie\/\" class=\"more-link\">Czytaj dalej<span class=\"screen-reader-text\"> \u201eRozpocz\u0119cie sezonu \u017ceglarskiego 2025 w Nowym Duninowie\u201d<\/span><\/a><\/p>\n","protected":false},"author":6,"featured_media":0,"comment_status":"closed","ping_status":"","sticky":false,"template":"","format":"standard","meta":{"footnotes":""},"categories":[6],"tags":[],"class_list":["post-3164","post","type-post","status-publish","format-standard","hentry","category-z-zycia-klubu"],"_links":{"self":[{"href":"http:\/\/zeglarzezpabianic.pl\/index.php\/wp-json\/wp\/v2\/posts\/3164","targetHints":{"allow":["GET"]}}],"collection":[{"href":"http:\/\/zeglarzezpabianic.pl\/index.php\/wp-json\/wp\/v2\/posts"}],"about":[{"href":"http:\/\/zeglarzezpabianic.pl\/index.php\/wp-json\/wp\/v2\/types\/post"}],"author":[{"embeddable":true,"href":"http:\/\/zeglarzezpabianic.pl\/index.php\/wp-json\/wp\/v2\/users\/6"}],"replies":[{"embeddable":true,"href":"http:\/\/zeglarzezpabianic.pl\/index.php\/wp-json\/wp\/v2\/comments?post=3164"}],"version-history":[{"count":4,"href":"http:\/\/zeglarzezpabianic.pl\/index.php\/wp-json\/wp\/v2\/posts\/3164\/revisions"}],"predecessor-version":[{"id":3170,"href":"http:\/\/zeglarzezpabianic.pl\/index.php\/wp-json\/wp\/v2\/posts\/3164\/revisions\/3170"}],"wp:attachment":[{"href":"http:\/\/zeglarzezpabianic.pl\/index.php\/wp-json\/wp\/v2\/media?parent=3164"}],"wp:term":[{"taxonomy":"category","embeddable":true,"href":"http:\/\/zeglarzezpabianic.pl\/index.php\/wp-json\/wp\/v2\/categories?post=3164"},{"taxonomy":"post_tag","embeddable":true,"href":"http:\/\/zeglarzezpabianic.pl\/index.php\/wp-json\/wp\/v2\/tags?post=3164"}],"curies":[{"name":"wp","href":"https:\/\/api.w.org\/{rel}","templated":true}]}}