{"id":3172,"date":"2025-05-16T17:35:39","date_gmt":"2025-05-16T15:35:39","guid":{"rendered":"http:\/\/zeglarzezpabianic.pl\/?p=3172"},"modified":"2025-05-16T17:35:39","modified_gmt":"2025-05-16T15:35:39","slug":"wioska-zeglarska-plenerowe-wydarzenie-promujace-zeglarstwo","status":"publish","type":"post","link":"http:\/\/zeglarzezpabianic.pl\/index.php\/2025\/05\/16\/wioska-zeglarska-plenerowe-wydarzenie-promujace-zeglarstwo\/","title":{"rendered":"Wioska \u017beglarska &#8211; plenerowe wydarzenie promuj\u0105ce \u017ceglarstwo"},"content":{"rendered":"\n<figure class=\"wp-block-image size-large\"><img loading=\"lazy\" decoding=\"async\" width=\"724\" height=\"1024\" src=\"http:\/\/zeglarzezpabianic.pl\/wp-content\/uploads\/2025\/05\/PLAKAT_WIOSKA-ZEGLARSKA3-2-724x1024.png\" alt=\"\" class=\"wp-image-3175\" srcset=\"http:\/\/zeglarzezpabianic.pl\/wp-content\/uploads\/2025\/05\/PLAKAT_WIOSKA-ZEGLARSKA3-2-724x1024.png 724w, http:\/\/zeglarzezpabianic.pl\/wp-content\/uploads\/2025\/05\/PLAKAT_WIOSKA-ZEGLARSKA3-2-212x300.png 212w, http:\/\/zeglarzezpabianic.pl\/wp-content\/uploads\/2025\/05\/PLAKAT_WIOSKA-ZEGLARSKA3-2-768x1086.png 768w, http:\/\/zeglarzezpabianic.pl\/wp-content\/uploads\/2025\/05\/PLAKAT_WIOSKA-ZEGLARSKA3-2-1086x1536.png 1086w, http:\/\/zeglarzezpabianic.pl\/wp-content\/uploads\/2025\/05\/PLAKAT_WIOSKA-ZEGLARSKA3-2-1448x2048.png 1448w, http:\/\/zeglarzezpabianic.pl\/wp-content\/uploads\/2025\/05\/PLAKAT_WIOSKA-ZEGLARSKA3-2.png 1587w\" sizes=\"auto, (max-width: 724px) 100vw, 724px\" \/><\/figure>\n\n\n\n<p><\/p>\n\n\n\n<p><strong>Wioska \u017beglarska rozgo\u015bci si\u0119 nad brzegiem Lewityna 24 i 25 maja, by po\u0142\u0105czy\u0107 pokolenia w \u017ceglarskiej zabawie \u2013 bez potrzeby wyp\u0142ywania na szerokie wody. To okazja, by dotkn\u0105\u0107 \u017ceglarskiego \u015bwiata, pos\u0142ucha\u0107 szant przy ognisku i poczu\u0107 si\u0119 cz\u0119\u015bci\u0105 za\u0142ogi, cho\u0107by na jeden weekend. Pabianicki Klub Sport\u00f3w Wodnych zaprasza dzieci, m\u0142odzie\u017c, doros\u0142ych na \u017ceglarski weekend pe\u0142en wra\u017ce\u0144, blisko domu.<\/strong><\/p>\n\n\n\n<p class=\"has-pale-cyan-blue-background-color has-background has-medium-font-size\"><strong><em>24 maja \u2013 sobota<\/em><\/strong><\/p>\n\n\n\n<p>Wydarzenie rozpocznie si\u0119 tradycyjnie wybiciem \u017ceglarskich szklanek, czyli symbolicznym uderzeniem w dzwon, o godzinie <strong>11:00<\/strong>. Na ca\u0142ym obiekcie b\u0119d\u0105 czeka\u0142y atrakcje nie tylko dla dzieci.<\/p>\n\n\n\n<p class=\"has-vivid-red-color has-text-color has-link-color wp-elements-996ff5c1881aa53317f90871f5e3ba19\"><strong>Blisko wody<\/strong><\/p>\n\n\n\n<p>Przez ca\u0142y dzie\u0144 (do godziny 17:00) b\u0119dzie mo\u017cna poczu\u0107 smak prawdziwego \u017ceglarstwa. Przy pomo\u015bcie <strong>b\u0119d\u0105 czeka\u0142y jachty klasy optymist oraz motor\u00f3wka<\/strong> \u2013 pod okiem instruktor\u00f3w b\u0119dzie mo\u017cna spr\u00f3bowa\u0107 swoich si\u0142 i wyp\u0142yn\u0105\u0107 na wody Lewityna.<\/p>\n\n\n\n<p>Warto tak\u017ce nauczy\u0107 si\u0119 \u017ceglarskich umiej\u0119tno\u015bci uczestnicz\u0105c w <strong>praktycznych warsztatach<\/strong> z prac bosma\u0144skich, podstawowych element\u00f3w jacht\u00f3w, zada\u0144 za\u0142ogi podczas rejsu. Wszystko to w formie gier, zabaw, konkurs\u00f3w w tematyce \u017ceglarskiej.<\/p>\n\n\n\n<p class=\"has-vivid-red-color has-text-color has-link-color wp-elements-c924a52de5951b6eccb10c7619d26ac8\"><strong>Miniscena przy mostku<\/strong><\/p>\n\n\n\n<p>W chwilach przerwy mi\u0119dzy \u017ceglarskimi wyzwaniami zapraszamy na wytchnienie przy mostku. <strong>Wyst\u0119py szantowe<\/strong> zaprezentuj\u0105 cz\u0142onkowie Klubie, harcerze z Retmanatu Hufiec Pabianice oraz uczestnicy Przegl\u0105du Piosenki \u017beglarskiej i Turystycznej.<\/p>\n\n\n\n<p>Odb\u0119d\u0105 si\u0119 r\u00f3wnie\u017c <strong>dwa panele dyskusyjne<\/strong>, podczas kt\u00f3rych zaproszeni go\u015bcie porozmawiaj\u0105 o \u017ceglarstwie.<\/p>\n\n\n\n<p>O godzinie <strong>12:00<\/strong> podj\u0119ty zostanie temat r\u00f3\u017cni\u0107 mi\u0119dzy \u017ceglarstwem \u015br\u00f3dl\u0105dowym i morskim na podstawie przebytych rejs\u00f3w, a o godzinie <strong>15:00<\/strong> zapraszamy do wys\u0142uchania dyskusji o regatach i \u017ceglarstwie sportowym.<\/p>\n\n\n\n<p class=\"has-vivid-red-color has-text-color has-link-color wp-elements-a688570d05e742c3f5d2b65eb8d3cbc6\"><strong>Siedziba Klubu<\/strong><\/p>\n\n\n\n<p>Przez ca\u0142y dzie\u0144 mo\u017cna odwiedzi\u0107 Pabianickie Centrum Sport\u00f3w Wodnych.<\/p>\n\n\n\n<p>Dzieci i m\u0142odzie\u017c zapraszamy w szczeg\u00f3lno\u015bci na <strong>warsztaty modelarskie w godzinach 11:00-13:00<\/strong>.<\/p>\n\n\n\n<p>Chwil\u0119 p\u00f3\u017aniej (od <strong>13:30<\/strong>) odb\u0119d\u0105 si\u0119 <strong>prelekcje<\/strong> do\u015bwiadczonych \u017ceglarzy i instruktor\u00f3w o meteorologii, locji i etykiecie \u017ceglarskiej.<\/p>\n\n\n\n<p class=\"has-vivid-red-color has-text-color has-link-color wp-elements-687c239abf82fdee84f3fd5f4c095324\"><strong>Szantowe ognisko nad wod\u0105<\/strong><\/p>\n\n\n\n<p>Gdy s\u0142o\u0144ce b\u0119dzie znika\u0142o za horyzontem, nad Lewitynem rozb\u0142y\u015bnie <strong>ognisko<\/strong>, przy kt\u00f3rym zabrzmi\u0105 d\u017awi\u0119ki gitar i \u017ceglarskich szant. To b\u0119dzie wiecz\u00f3r pe\u0142en ciep\u0142a, muzyki i opowie\u015bci, kt\u00f3re ponios\u0105 nas w \u017ceglarsk\u0105 podr\u00f3\u017c. Do\u0142\u0105cz do nas o <strong>18:00<\/strong> i poczuj magi\u0119 wsp\u00f3lnego ogniska nad wod\u0105.<\/p>\n\n\n\n<p class=\"has-pale-cyan-blue-background-color has-background has-medium-font-size\"><strong><em>25 maja \u2013 niedziela<\/em><\/strong><\/p>\n\n\n\n<p class=\"has-vivid-red-color has-text-color has-link-color wp-elements-224ed30b6ccf1aa5531db5cd773dd044\"><strong>Regaty w klasie optymist<\/strong><\/p>\n\n\n\n<p>O godzinie <strong>9:30<\/strong> rusz\u0105 zapisy na regaty dla dzieci i m\u0142odzie\u017cy w wieku 6-18 roku \u017cycia. Planowany start jest zaplanowany na godzin\u0119 10:00.<\/p>\n\n\n\n<p class=\"has-vivid-red-color has-text-color has-link-color wp-elements-dc393fc2441cd694ab781b512c71f548\"><strong>Pokaz ratownictwa wodnego oraz szkolenie z pierwszej pomocy<\/strong><\/p>\n\n\n\n<p>Po wy\u015bcigu \u017ceglarskim (oko\u0142o godziny <strong>13:00<\/strong>) odb\u0119dzie si\u0119 szkolenie z udzielania pierwszej pomocy, a zaraz po nim nast\u0105p pokaz u\u017cycia morskiej, pneumatycznej tratwy ratunkowej \u2013 obserwatorzy poznaj\u0105 procedury bezpiecze\u0144stwa przed rozpocz\u0119ciem rejsu oraz u\u017cycia tratwy ratunkowej, a tak\u017ce jak post\u0119powa\u0107 w oczekiwaniu na pomoc s\u0142u\u017cb ratowniczych.<\/p>\n\n\n\n<p>&#8212;&#8212;&#8212;&#8212;&#8212;&#8212;&#8212;&#8212;&#8211;<\/p>\n\n\n\n<p><strong>Wydarzenia towarzysz\u0105ce:<\/strong><\/p>\n\n\n\n<p>23 maja (pi\u0105tek) &#8211; VIII Przegl\u0105d Piosenki Turystycznej i \u017beglarskiej w siedzibie Pabianickiego Klubu Sport\u00f3w Wodnych \u2013 organizator: Szko\u0142a Podstawowa nr 17 w Pabianicach.<\/p>\n\n\n\n<p><strong>Organizator g\u0142\u00f3wny: Pabianicki Klub Sport\u00f3w Wodnych.<\/strong><\/p>\n\n\n\n<p><strong>Partner g\u0142\u00f3wny: Retmanat ZHP Pabianice<\/strong><\/p>\n\n\n\n<p><strong>Pozostali partnerzy:<\/strong> MOSiR Pabianice, P\u0142ocki Okr\u0119gowy Zwi\u0105zek \u017beglarski, Strefa Zabawy, stowarzyszenie NAVICULA, Szko\u0142a Podstawowa nr 17 w Pabianicach, Studenckie Radio \u017bak Politechniki \u0141\u00f3dzkiej, ZWiK Pabianice.<\/p>\n\n\n\n<p><strong>Patronat: <\/strong>Starosty Pabianickiego Arkadiusza Jaksy oraz Prezydenta Miasta Pabianic Grzegorza Mackiewicza.<\/p>\n\n\n\n<p><strong>Zadanie publiczne jest finansowane w ramach <a href=\"https:\/\/bo.lodzkie.pl\/\" data-type=\"link\" data-id=\"https:\/\/bo.lodzkie.pl\/\" target=\"_blank\" rel=\"noreferrer noopener\">Bud\u017cetu Obywatelskiego<\/a> na rok 2024.<\/strong><\/p>\n\n\n\n<p><strong>Udzia\u0142 w wydarzeniu jest bezp\u0142atny.<\/strong><\/p>\n\n\n\n<p><strong>Wi\u0119cej informacji na <\/strong><a href=\"http:\/\/www.zeglarzezpabianic.pl\"><strong>www.zeglarzezpabianic.pl<\/strong><\/a><strong> oraz profilu Klubu na Facebooku (@Pabianicki Klub Sport\u00f3w Wodnych)<\/strong><\/p>\n\n\n\n<p>Wojew\u00f3dztwo \u0141\u00f3dzkie: <a href=\"http:\/\/www.lodzkie.pl\" data-type=\"link\" data-id=\"www.lodzkie.pl\" target=\"_blank\" rel=\"noreferrer noopener\">www.lodzkie.pl<\/a><\/p>\n\n\n\n<p><\/p>\n","protected":false},"excerpt":{"rendered":"<p>Wioska \u017beglarska rozgo\u015bci si\u0119 nad brzegiem Lewityna 24 i 25 maja, by po\u0142\u0105czy\u0107 pokolenia w \u017ceglarskiej zabawie \u2013 bez potrzeby wyp\u0142ywania na szerokie wody. To okazja, by dotkn\u0105\u0107 \u017ceglarskiego \u015bwiata, &hellip; <\/p>\n<p class=\"link-more\"><a href=\"http:\/\/zeglarzezpabianic.pl\/index.php\/2025\/05\/16\/wioska-zeglarska-plenerowe-wydarzenie-promujace-zeglarstwo\/\" class=\"more-link\">Czytaj dalej<span class=\"screen-reader-text\"> \u201eWioska \u017beglarska &#8211; plenerowe wydarzenie promuj\u0105ce \u017ceglarstwo\u201d<\/span><\/a><\/p>\n","protected":false},"author":6,"featured_media":0,"comment_status":"closed","ping_status":"","sticky":false,"template":"","format":"standard","meta":{"footnotes":""},"categories":[6],"tags":[],"class_list":["post-3172","post","type-post","status-publish","format-standard","hentry","category-z-zycia-klubu"],"_links":{"self":[{"href":"http:\/\/zeglarzezpabianic.pl\/index.php\/wp-json\/wp\/v2\/posts\/3172","targetHints":{"allow":["GET"]}}],"collection":[{"href":"http:\/\/zeglarzezpabianic.pl\/index.php\/wp-json\/wp\/v2\/posts"}],"about":[{"href":"http:\/\/zeglarzezpabianic.pl\/index.php\/wp-json\/wp\/v2\/types\/post"}],"author":[{"embeddable":true,"href":"http:\/\/zeglarzezpabianic.pl\/index.php\/wp-json\/wp\/v2\/users\/6"}],"replies":[{"embeddable":true,"href":"http:\/\/zeglarzezpabianic.pl\/index.php\/wp-json\/wp\/v2\/comments?post=3172"}],"version-history":[{"count":1,"href":"http:\/\/zeglarzezpabianic.pl\/index.php\/wp-json\/wp\/v2\/posts\/3172\/revisions"}],"predecessor-version":[{"id":3176,"href":"http:\/\/zeglarzezpabianic.pl\/index.php\/wp-json\/wp\/v2\/posts\/3172\/revisions\/3176"}],"wp:attachment":[{"href":"http:\/\/zeglarzezpabianic.pl\/index.php\/wp-json\/wp\/v2\/media?parent=3172"}],"wp:term":[{"taxonomy":"category","embeddable":true,"href":"http:\/\/zeglarzezpabianic.pl\/index.php\/wp-json\/wp\/v2\/categories?post=3172"},{"taxonomy":"post_tag","embeddable":true,"href":"http:\/\/zeglarzezpabianic.pl\/index.php\/wp-json\/wp\/v2\/tags?post=3172"}],"curies":[{"name":"wp","href":"https:\/\/api.w.org\/{rel}","templated":true}]}}